{"id":1274,"date":"2020-07-19T15:13:19","date_gmt":"2020-07-19T14:13:19","guid":{"rendered":"http:\/\/asv.teraz.de\/blog\/?p=1274"},"modified":"2020-07-26T17:01:59","modified_gmt":"2020-07-26T16:01:59","slug":"asv-ul-fc-22-11-18-7-2020-1130-kaltental-stadtliga","status":"publish","type":"post","link":"https:\/\/asv.teraz.de\/blog\/asv-ul-fc-22-11-18-7-2020-1130-kaltental-stadtliga\/","title":{"rendered":"ASV \u2013 UL FC 2:2 (1:1), 18.7.2020 11:30 Feuerbach (Stadtliga)"},"content":{"rendered":"\n<p>Gegen das vorwiegend lateinamerikanische Team von UL FC, die mit 12 Mann am Start waren, musste auch der ASV mehrfach umstellen, konnte aber dennoch 16 Leute an den Start bringen. Durch die vielen Fehlenden mussten neue Aufstellungsvarianten ausprobiert werden. So war von 4 Stammkr\u00e4ften nur ein Innenverteidiger anwesend, wodurch Arne neben Henrique in der Innenverteidung auflief und dies \u00fcber die kompletten 90 Minuten gut l\u00f6ste. <\/p>\n\n\n\n<p>Der ASV&nbsp; begann in der etwas ungewohnten 4-4-2 Formation mit Melik im Tor, Henrique und Arne in der Innenverteidigung, David und Stefan au\u00dfen. Im Mittelfeld spielten Joel und Isi innen, Lasse und Murat auf den Au\u00dfenbahnen. \u00d6mer und Cian bildeten das Sturmduo.<\/p>\n\n\n\n<p>Der ASV begann etwas holprig, w\u00e4hrend UL FC wie die Feuerwehr loslegte. Der Gegner bemerkte schnell , dass der ASV Schwierigkeiten hatte, ein konstruktives Aufbauspiel aufzuziehen. Durch viele Ballverluste, die sich \u00fcber die gesamten 90 min hinzogen, konnten die S\u00fcdamerikaner \u00f6fter gef\u00e4hrlich vor dem ASV Tor auftauchen. Dort bereinigte die ASV-Verteidigung jedoch die meisten Situationen. Melik , der die ersten 45 Minuten im Tor stand, konnte mit einer Glanzparade das 0:1 vermeiden, als ein gegnerischer St\u00fcrmer unmittelbar vor ihm auftauchte. Clever versuchte der St\u00fcrmer den Ball \u00fcber Melik hinweg ins Tor zu heben, doch dieser riss im Fallen die rechte Hand nach oben und konnte so den Ball abwehren.<\/p>\n\n\n\n<p>Chancen fur den ASV waren d\u00fcnn ges\u00e4t. Lasse hatte zu Beginn des Spiels eine davon vergeben. Ein indirekter Freissto\u00df wegen R\u00fcckpass zum Torwart landete im Fangzaun. Nach der Trinkpause zun\u00e4chst das gleiche Bild. Umso \u00fcberaschender das 1:0 durch einen Freissto\u00df \u00d6mer&#8217;s, der aus 30 Metern halbrechts die linke obere Torecke anvisierte und mit sch\u00f6nem Bogenschuss \u00fcber den Torwart erfolgreich war. Kurzzeitig lief es nun besser. Aber mit der letzten Aktion der&nbsp; Halbzeit konnt sich ein Gegner ziemlich unbehelligt an mehren Spielern des ASV vorbei, mittig vor dem Straufraum durchsetzen und seine Einzelleistung mit einer eben solchen Bogenlampe aus knapp 16 m, zum 1:1 abschlie\u00dfen. Mit diesem Spielstand ging es auch in die Pause.<\/p>\n\n\n\n<p>In der zweiten Halbzeit bot sich den Zuschauern ein \u00e4hnliches Bild wie in der ersten H\u00e4lfte. Respekt f\u00fcr den Gegner, der mit 12 Spielern das Spiel bei sommerlichen Temperaturen ohne erkennbare Konditionsschw\u00e4chen durchzog. Je ein Elfmeter auf jeder Seite f\u00fchrte zum 2:2-Endstand. \u00d6mer verwandelte f\u00fcr den ASV sicher ins linke Toreck. Am Schluss musste der sogar noch froh sein, einen Punkt eingefahren zu haben. Ein vogelwilde Aktion auf der ASV-Torlinie mit zweimal Latte, Torlinie und angeschossenem Verteider konnte gl\u00fccklich abgewehrt werden.<\/p>\n\n\n\n<p>In der der 3.Halbzeit bewies der ASV seine schon bekannte&nbsp;Dominanz und gl\u00e4nzte mit fr\u00f6hlicher Runde am Spielfeldrand sowie \u00fcblicher Lufthoheit im Biergarten.<\/p>\n\n\n\n<p><span style=\"text-decoration: underline;\">F\u00fcr den ASV am Start:<\/span><br>Tor: Melik (2. Halbzeit: Cian)<br>Abwehr: David &#8211; Arne, Henrique &#8211; Stefan \/ Bayram, Fawaz<br>Mittelfeld: Lasse &#8211; Joel, Easy &#8211; Murat \/ Volker, Nino, Ebi<br>Sturm: \u00d6mer, Cian<\/p>\n\n\n\n<p>Tore: \u00d6mer (2)<\/p>\n","protected":false},"excerpt":{"rendered":"<p>Gegen das vorwiegend lateinamerikanische Team von UL FC, die mit 12 Mann am Start waren, musste auch der ASV mehrfach umstellen, konnte aber dennoch 16&hellip; <\/p>\n<p><a href=\"https:\/\/asv.teraz.de\/blog\/asv-ul-fc-22-11-18-7-2020-1130-kaltental-stadtliga\/\" class=\"more-link\">Continue reading &rarr; <span class=\"screen-reader-text\">ASV \u2013 UL FC 2:2 (1:1), 18.7.2020 11:30 Feuerbach (Stadtliga)<\/span><\/a><\/p>\n","protected":false},"author":7,"featured_media":0,"comment_status":"closed","ping_status":"open","sticky":false,"template":"","format":"standard","meta":{"footnotes":""},"categories":[25,4,6],"tags":[],"class_list":["post-1274","post","type-post","status-publish","format-standard","hentry","category-25","category-spiele","category-stadtliga"],"_links":{"self":[{"href":"https:\/\/asv.teraz.de\/blog\/wp-json\/wp\/v2\/posts\/1274","targetHints":{"allow":["GET"]}}],"collection":[{"href":"https:\/\/asv.teraz.de\/blog\/wp-json\/wp\/v2\/posts"}],"about":[{"href":"https:\/\/asv.teraz.de\/blog\/wp-json\/wp\/v2\/types\/post"}],"author":[{"embeddable":true,"href":"https:\/\/asv.teraz.de\/blog\/wp-json\/wp\/v2\/users\/7"}],"replies":[{"embeddable":true,"href":"https:\/\/asv.teraz.de\/blog\/wp-json\/wp\/v2\/comments?post=1274"}],"version-history":[{"count":3,"href":"https:\/\/asv.teraz.de\/blog\/wp-json\/wp\/v2\/posts\/1274\/revisions"}],"predecessor-version":[{"id":1280,"href":"https:\/\/asv.teraz.de\/blog\/wp-json\/wp\/v2\/posts\/1274\/revisions\/1280"}],"wp:attachment":[{"href":"https:\/\/asv.teraz.de\/blog\/wp-json\/wp\/v2\/media?parent=1274"}],"wp:term":[{"taxonomy":"category","embeddable":true,"href":"https:\/\/asv.teraz.de\/blog\/wp-json\/wp\/v2\/categories?post=1274"},{"taxonomy":"post_tag","embeddable":true,"href":"https:\/\/asv.teraz.de\/blog\/wp-json\/wp\/v2\/tags?post=1274"}],"curies":[{"name":"wp","href":"https:\/\/api.w.org\/{rel}","templated":true}]}}