{"id":1338,"date":"2020-09-06T20:17:42","date_gmt":"2020-09-06T19:17:42","guid":{"rendered":"http:\/\/asv.teraz.de\/blog\/?p=1338"},"modified":"2020-09-06T20:25:47","modified_gmt":"2020-09-06T19:25:47","slug":"fk-schwampel-asv-26-23-4-9-2020-2015-waldau-stadtliga","status":"publish","type":"post","link":"https:\/\/asv.teraz.de\/blog\/fk-schwampel-asv-26-23-4-9-2020-2015-waldau-stadtliga\/","title":{"rendered":"FK Schwampel &#8211; ASV 2:6 (2:3), 4.9.2020 20:15 Waldau (Stadtliga)"},"content":{"rendered":"\n<blockquote class=\"wp-block-quote is-layout-flow wp-block-quote-is-layout-flow\"><p>Im entscheidenden Match um den Einzug ins Stadtliga-Finale behielt der ASV nach fr\u00fchem 0:2-R\u00fcckstand am Ende mit 6:2 die Oberhand.<\/p><\/blockquote>\n\n\n\n<p>Der ASV begann schlafm\u00fctzig und lie\u00df sich zun\u00e4chst in die Defensive dr\u00e4ngen. Die Gastgeber entfachten viel Druck und pressten zun\u00e4chst aggressiv fast mit der kompletten Mannschaft. Das machte es dem ASV schwer, mit klaren B\u00e4llen aus der Defensive herauszuspielen. Zwar erspielte sich auch der ASV eine gute Chance, aber schon nach 3 Minuten zappelte der Ball zum ersten Mal im Netz der G\u00e4ste. Nach einer Hereingabe kam der Ball auf der rechten Abwehrseite in den F\u00fcnfmeterraum und konnte dort nicht gekl\u00e4rt werden. <\/p>\n\n\n\n<p>Die F\u00fchrung war verdient und der FK Schwampel konnte diese noch ausbauen. Mit ihrer bekannten St\u00e4rke bei Standards setzten sich die Gastgeber nach 10 Minuten am langen Pfosten durch und k\u00f6pften zum 2:0 ein. Auch in der Folge war Schwampel das bessere Team und der ASV drohte in dieser Phase noch weitere Gegentreffer zu kassieren. Langsam berappelte sich aber zun\u00e4chst die Defensive und stoppte die schnellen L\u00e4ufer auf den Au\u00dfenbahnen. Auch die Standards wurden nun besser verteidigt. In der Folge schwappte das Spiel zun\u00e4chst hin und her.<\/p>\n\n\n\n<p>Nach knapp 25 Minuten fasste sich Isi aus gut 20 Metern ein Herz und zog einfach mal ab. Der Ball wurde lang und l\u00e4nger und schlug schlie\u00dflich \u00fcber dem Torh\u00fcter der Gastgeber zum 1:2 ein. Jetzt kippte das Spiel. Der FK Schwampel wirkte von diesem Gegentreffer angeknockt. Zwar versuchten die Gastgeber nach wie vor, \u00fcber die schnellen Au\u00dfen zum Zug zu kommen, aber die Angriffe wurden meist abgelaufen. <\/p>\n\n\n\n<blockquote class=\"wp-block-quote is-layout-flow wp-block-quote-is-layout-flow\"><p>Jetzt kippt das Spiel!<\/p><cite>Armin an der Au\u00dfenlinie<\/cite><\/blockquote>\n\n\n\n<p>Nach der ersten Wechselphase beim ASV wirkte auch das Spiel mit Joel in der Zentrale griffiger und der ASV hatte mehr Ballkontrolle. Wenig sp\u00e4ter f\u00fchrte dies zu einem Angriff auf der rechten Seite, wo Thomas S. durchbrach und den Ball am Torwart vorbeispitzelte. Dieser war zwar am Ball, konnte diesen aber nicht endg\u00fcltig kl\u00e4ren und erwischte Thomas dann an den Beinen. Schiri Liam entschied sehr zum Unmut der Gastgeber auf Strafsto\u00df. Dieser war letztlich zwar wohl regelkonform aber dennoch eine 50:50-Entscheidung und dementsprechend umstritten. \u00d6mer verwandelte zum 2:2.<\/p>\n\n\n\n<p>Der ASV war nun endg\u00fcltig am Dr\u00fccker und erspielte sich weitere Chancen. \u00d6mer schloss einen dieser Angriffe mit dem F\u00fchrungstreffer ab. Zur Pause stand es 2:3. Der ASV hatte das Spiel gedreht und h\u00e4tte sogar h\u00f6her f\u00fchren k\u00f6nnen.<\/p>\n\n\n\n<p>Nach der Pause versuchte Schwampel nochmal Druck aufzubauen. Die Bem\u00fchungen verpufften aber sp\u00e4testens nach dem 2:4. <\/p>\n\n\n\n<blockquote class=\"wp-block-quote is-layout-flow wp-block-quote-is-layout-flow\"><p>Es war ein Traumtor in den Winkel!<\/p><cite>David G. \u00fcber seinen eigenen Treffer<\/cite><\/blockquote>\n\n\n\n<p>David G. war auf der linken Seite durchgebrochen und \u00fcberwand den gegnerischen Torwart mit einem Schlenzer ins lange Eck.<\/p>\n\n\n\n<blockquote class=\"wp-block-quote is-layout-flow wp-block-quote-is-layout-flow\"><p>Vermutlich eines der sch\u00f6nsten ASV-Tore \u00e0 la Robben, spiegelverkehrt.<\/p><cite>Thomas S. \u00fcber den Treffer von David G.<\/cite><\/blockquote>\n\n\n\n<p>Der ASV hatte nun die volle Spielkontrolle, das 2:4 war bereits die Vorentscheidung. Der eine oder andere Wechsel nahm zwar etwas Fahrt aus dem Spiel, aber das Tor des ASV kam nur selten in Gefahr. Einmal konnte Torwart Dominik sich auszeichnen, als er einen hohen Ball zun\u00e4chst abwehrte und im Nachfassen \u00fcber die Latte lenkte.<\/p>\n\n\n\n<p>Eine Viertelstunde vor Schluss dann die Entscheidung: Thomas S. bekam den Ball in der rechten Strafraumh\u00e4lfte und vollendete mit einem trockenen flachen Schuss. Nur 5 Minuten sp\u00e4ter kr\u00f6nte Luca seine gute Leistung mit einem eigenen Treffer zum 2:6.<\/p>\n\n\n\n<p>Fazit: Nach schwachem Start fing sich der ASV und gewann am Ende auch in dieser H\u00f6he verdient.<\/p>\n\n\n\n<p>F\u00fcr den ASV spielten:<br>Dominik, Fawaz, Cian, Arne, Henrique, Lasse, Isi, Luca, David G., David K., Joel, Chris N., Gregor, Thomas S., \u00d6mer<\/p>\n\n\n\n<p>Tore:<br>1:0 FK Schwampel (3.)<br>2:0 FK Schwampel (10.)<br>2:1 Isi (25.)<br>2:2 \u00d6mer (30., 11m)<br>2:3 \u00d6mer (40.)<br>2:4 David G. (50.)<br>2:5 Thomas S. (75.)<br>2:6 Luca (80.)<\/p>\n","protected":false},"excerpt":{"rendered":"<p>Im entscheidenden Match um den Einzug ins Stadtliga-Finale behielt der ASV nach fr\u00fchem 0:2-R\u00fcckstand am Ende mit 6:2 die Oberhand. Der ASV begann schlafm\u00fctzig und&hellip; <\/p>\n<p><a href=\"https:\/\/asv.teraz.de\/blog\/fk-schwampel-asv-26-23-4-9-2020-2015-waldau-stadtliga\/\" class=\"more-link\">Continue reading &rarr; <span class=\"screen-reader-text\">FK Schwampel &#8211; ASV 2:6 (2:3), 4.9.2020 20:15 Waldau (Stadtliga)<\/span><\/a><\/p>\n","protected":false},"author":1,"featured_media":0,"comment_status":"closed","ping_status":"open","sticky":false,"template":"","format":"standard","meta":{"footnotes":""},"categories":[25,4,6],"tags":[],"class_list":["post-1338","post","type-post","status-publish","format-standard","hentry","category-25","category-spiele","category-stadtliga"],"_links":{"self":[{"href":"https:\/\/asv.teraz.de\/blog\/wp-json\/wp\/v2\/posts\/1338","targetHints":{"allow":["GET"]}}],"collection":[{"href":"https:\/\/asv.teraz.de\/blog\/wp-json\/wp\/v2\/posts"}],"about":[{"href":"https:\/\/asv.teraz.de\/blog\/wp-json\/wp\/v2\/types\/post"}],"author":[{"embeddable":true,"href":"https:\/\/asv.teraz.de\/blog\/wp-json\/wp\/v2\/users\/1"}],"replies":[{"embeddable":true,"href":"https:\/\/asv.teraz.de\/blog\/wp-json\/wp\/v2\/comments?post=1338"}],"version-history":[{"count":8,"href":"https:\/\/asv.teraz.de\/blog\/wp-json\/wp\/v2\/posts\/1338\/revisions"}],"predecessor-version":[{"id":1346,"href":"https:\/\/asv.teraz.de\/blog\/wp-json\/wp\/v2\/posts\/1338\/revisions\/1346"}],"wp:attachment":[{"href":"https:\/\/asv.teraz.de\/blog\/wp-json\/wp\/v2\/media?parent=1338"}],"wp:term":[{"taxonomy":"category","embeddable":true,"href":"https:\/\/asv.teraz.de\/blog\/wp-json\/wp\/v2\/categories?post=1338"},{"taxonomy":"post_tag","embeddable":true,"href":"https:\/\/asv.teraz.de\/blog\/wp-json\/wp\/v2\/tags?post=1338"}],"curies":[{"name":"wp","href":"https:\/\/api.w.org\/{rel}","templated":true}]}}