{"id":1730,"date":"2023-07-09T18:51:05","date_gmt":"2023-07-09T17:51:05","guid":{"rendered":"http:\/\/asv.teraz.de\/blog\/?p=1730"},"modified":"2023-07-09T18:55:05","modified_gmt":"2023-07-09T17:55:05","slug":"garrison-fc-asv-63-30-7-7-2023-1900-boeblingen-panzerkaserne-stadtliga","status":"publish","type":"post","link":"https:\/\/asv.teraz.de\/blog\/garrison-fc-asv-63-30-7-7-2023-1900-boeblingen-panzerkaserne-stadtliga\/","title":{"rendered":"Garrison FC \u2013 ASV 6:3 (3:0), 7.7.2023 19:00 B\u00f6blingen Panzerkaserne (Stadtliga)"},"content":{"rendered":"\n<p>Das Aufeinandertreffen zwischen der amerikanischen Mannschaft Garrison FC und dem ASV fand vor einer beeindruckenden Kulisse in der Panzerkaserne im sch\u00f6nen B\u00f6blingen statt. Um Zutritt zum Spiel zu erhalten, waren die hinterlegten Kontaktdaten und Ausweisnummern der Besucher erforderlich. Trotz dieser Ma\u00dfnahmen waren neben den 17 Spielern auch einige mitgereiste Fans auf den Trib\u00fcnen anzutreffen.<\/p>\n\n\n\n<div class=\"wp-block-cover alignfull\" style=\"min-height:800px;aspect-ratio:unset;\"><span aria-hidden=\"true\" class=\"wp-block-cover__background has-background-dim-60 has-background-dim\"><\/span><img decoding=\"async\" class=\"wp-block-cover__image-background\" alt=\"\" src=\"https:\/\/s.w.org\/images\/core\/5.8\/forest.jpg\" data-object-fit=\"cover\" \/><div class=\"wp-block-cover__inner-container is-layout-flow wp-block-cover-is-layout-flow\">\n<h1 class=\"wp-block-heading alignwide has-text-color has-large-font-size\" style=\"color:#ffe074\">B\u00f6blingen Panzerkaserne<\/h1>\n\n\n\n<div class=\"wp-block-columns alignwide is-layout-flex wp-container-core-columns-is-layout-9d6595d7 wp-block-columns-is-layout-flex\">\n<div class=\"wp-block-column is-layout-flow wp-block-column-is-layout-flow\" style=\"flex-basis:55%\">\n<p>Die Panzerkaserne liegt \u00f6stlich der Stadtgrenze im B\u00f6blinger Wald, wurde zwischen 1936 und 1938 gebaut und diente zwischen April 1938 und April 1939 als Standort f\u00fcr das Panzerregiment 8, bevor dieses nach Prag verlegt wurde. Im Juli 1945 zogen die US-Streitkr\u00e4fte in die Kaserne ein, wo bis heute mehrere Einheiten ihren Sitz haben. 2007 wurde das Einkaufszentrum Panzer Main Exchange gebaut, das den zentralen Supermarkt f\u00fcr alle in Stuttgart ans\u00e4ssigen Streitkr\u00e4fte darstellt und zur Zeit der zweitgr\u00f6\u00dfte amerikanische Supermarkt in Deutschland ist. Im Norden der Kaserne liegt die im Volksmund Little America genannte Wohnsiedlung, die mit der Kaserne \u00fcber eine Br\u00fccke verbunden ist. Im Osten liegt verbunden durch einen Tunnel die Stuttgart High School. In obengenannten Zeiten gab es f\u00fcr Panzer einen Verbindungsweg durch den Wald bis zu den Patch Barracks (Vaihingen).<br><a href=\"https:\/\/de.wikipedia.org\/wiki\/Panzerkaserne_B%C3%B6blingen\">https:\/\/de.wikipedia.org\/wiki\/Panzerkaserne_B%C3%B6blingen<\/a><\/p>\n<\/div>\n\n\n\n<div class=\"wp-block-column is-layout-flow wp-block-column-is-layout-flow\">\n<p><em>Die Gemarkung B\u00f6blingen liegt zwischen Sindelfingen, Sch\u00f6naich, Holzgerlingen und Leinfelden-Echterdingen und umfasst ungef\u00e4hr das Gebiet zwischen der A81 im Norden, der B464 im S\u00fcdwesten, entlang am Grenzweg und dem Rauhen Kapf bis kurz vor die Ortsgrenze von Sch\u00f6naich im S\u00fcden und bis kurz vor Musberg (Leinfelden-Echterdingen) im Westen. B\u00f6blingen hat keine direkte Grenze zu Stuttgart. Die Panzerkaserne liegt gemarkungstechnisch fast genau in der Mitte von B\u00f6blingen. Luftline nach Stuttgart (Rohr) sind es 4,5 km, bis an die Ortsgrenze von Vaihingen 6 km. Der bewohnte Stadtrand von B\u00f6blingen liegt Luftlinie 350 Meter von der Panzerkaserne entfernt, das Stadtzentrum 2 km auf der Stra\u00dfe.<\/em><\/p>\n<\/div>\n<\/div>\n<\/div><\/div>\n\n\n\n<p><\/p>\n\n\n\n<p>Das Spiel begann aufgrund der warmen Temperaturen eher verhalten. Beide Teams tasteten sich nur langsam in den gegnerischen Strafraum vor. Erst Mitte der ersten Halbzeit gelang den Gastgebern, die im Vorjahr die Stadtligameisterschaft f\u00fcr sich entschieden hatten, der erste Treffer. In der Folge erwies sich der rechte Au\u00dfenst\u00fcrmer von Garrison als entscheidender Faktor. Der junge Spieler zeichnete sich nicht nur durch seine Schnelligkeit, sondern auch durch seine Wendigkeit und Torschussst\u00e4rke aus. Bis zur Pause war er an drei oder vier Toren direkt beteiligt, wobei er selbst ein Tor erzielte und eine Vorlage gab.<\/p>\n\n\n\n<p>Trotz einer starken Parade von Torwart Alex ging es mit einem 3:0 f\u00fcr Garrison in die Halbzeitpause. Auf der Gegenseite verfehlte ein Kopfball von Doran nur knapp das Tor. Leider verletzte sich anschlie\u00dfend der einzige nominelle St\u00fcrmer des ASV, wodurch die Offensivbem\u00fchungen des Teams in der Folge stark eingeschr\u00e4nkt waren. Auch Garrison hielt den Ball eher im Mittelfeld als gef\u00e4hrliche Aktionen zu generieren. Dennoch reichten die Aktionen des Au\u00dfenst\u00fcrmers f\u00fcr eine deutliche F\u00fchrung.<\/p>\n\n\n\n<p>In der zweiten Halbzeit hatte der Gastgeber aufgrund des Vorsprungs zun\u00e4chst mehr Spielanteile. Ein hoher langer Ball wurde von Armin nur mit dem Hinterkopf erwischt und flog \u00fcber den herausgeeilten Torwart Alex hinweg ins Tor. Zu diesem Zeitpunkt schien das Spiel entschieden. Doch pl\u00f6tzlich wendete sich das Blatt. Der ASV begann pl\u00f6tzlich offensiver zu spielen. Gregor, Fritz, Isi, Mo, Arne und Mustafa spielten nun klarer nach vorne. Nach einer sch\u00f6nen Kombination gelang Isi das 1:4. Isi, der in bestechender Form war, bereitete mit einem Schuss, den der gegnerische Keeper nur abklatschen konnte, auch das 2:4 vor. Mustafa staubte ab. Anschlie\u00dfend erzielte Johann sogar das 3:4. Dann drang Isi erneut in den Strafraum ein, umkurvte den Torh\u00fcter, wurde jedoch im letzten Moment von einem Abwehrspieler gestoppt. Das w\u00e4re beinahe der Ausgleich gewesen. In dieser Phase wurde deutlich, warum Garrison in dieser Saison bei einigen Spielen Schwierigkeiten hatte.<\/p>\n\n\n\n<p>Doch dann fand der Gastgeber wieder besser ins Spiel. Es gab ein paar Eckb\u00e4lle und ein oder zwei M\u00f6glichkeiten f\u00fcr Garrison, bevor schlie\u00dflich das 5:3 fiel. Es war erneut ein ungl\u00fcckliches Eigentor, nachdem Xi den Ball gegen Torwart Alex kl\u00e4rte und dieser billardm\u00e4\u00dfig von der Latte ins eigene Netz fiel. Das 6:3 resultierte aus einem langen Ball auf den rechten Au\u00dfenst\u00fcrmer, dem selbst Fritz wenig entgegensetzen konnte. Damit markierte er auch den Endstand.<\/p>\n\n\n\n<p>Nach dem Spiel wurde der Abend im Brauhaus B\u00f6blingen zu einem angenehmen Abschluss gebracht, wo sich etwa 15 der anwesenden Spieler und G\u00e4ste versammelten. Bei einigen Kaltgetr\u00e4nken und k\u00f6stlichem Essen lie\u00df der ASV den Abend ausklingen.<\/p>\n\n\n\n<p>F\u00fcr den ASV am Start:<\/p>\n\n\n\n<p>Alex, Armin, Henrique, Udo, Hannes, Xi, Stephan, Johann, Isi, Mustafa, Volker, Moritz, Gregor, Arne, Suse, Fritz, Doran<\/p>\n\n\n\n<p>Die Tore erzielten:<\/p>\n\n\n\n<p>1:4 Isi<br>2:4 Mustafa<br>3:4 Johann<\/p>\n","protected":false},"excerpt":{"rendered":"<p>Das Aufeinandertreffen zwischen der amerikanischen Mannschaft Garrison FC und dem ASV fand vor einer beeindruckenden Kulisse in der Panzerkaserne im sch\u00f6nen B\u00f6blingen statt. Um Zutritt&hellip; <\/p>\n<p><a href=\"https:\/\/asv.teraz.de\/blog\/garrison-fc-asv-63-30-7-7-2023-1900-boeblingen-panzerkaserne-stadtliga\/\" class=\"more-link\">Continue reading &rarr; <span class=\"screen-reader-text\">Garrison FC \u2013 ASV 6:3 (3:0), 7.7.2023 19:00 B\u00f6blingen Panzerkaserne (Stadtliga)<\/span><\/a><\/p>\n","protected":false},"author":2,"featured_media":0,"comment_status":"closed","ping_status":"open","sticky":false,"template":"","format":"standard","meta":{"footnotes":""},"categories":[36,4,6],"tags":[],"class_list":["post-1730","post","type-post","status-publish","format-standard","hentry","category-36","category-spiele","category-stadtliga"],"_links":{"self":[{"href":"https:\/\/asv.teraz.de\/blog\/wp-json\/wp\/v2\/posts\/1730","targetHints":{"allow":["GET"]}}],"collection":[{"href":"https:\/\/asv.teraz.de\/blog\/wp-json\/wp\/v2\/posts"}],"about":[{"href":"https:\/\/asv.teraz.de\/blog\/wp-json\/wp\/v2\/types\/post"}],"author":[{"embeddable":true,"href":"https:\/\/asv.teraz.de\/blog\/wp-json\/wp\/v2\/users\/2"}],"replies":[{"embeddable":true,"href":"https:\/\/asv.teraz.de\/blog\/wp-json\/wp\/v2\/comments?post=1730"}],"version-history":[{"count":10,"href":"https:\/\/asv.teraz.de\/blog\/wp-json\/wp\/v2\/posts\/1730\/revisions"}],"predecessor-version":[{"id":1747,"href":"https:\/\/asv.teraz.de\/blog\/wp-json\/wp\/v2\/posts\/1730\/revisions\/1747"}],"wp:attachment":[{"href":"https:\/\/asv.teraz.de\/blog\/wp-json\/wp\/v2\/media?parent=1730"}],"wp:term":[{"taxonomy":"category","embeddable":true,"href":"https:\/\/asv.teraz.de\/blog\/wp-json\/wp\/v2\/categories?post=1730"},{"taxonomy":"post_tag","embeddable":true,"href":"https:\/\/asv.teraz.de\/blog\/wp-json\/wp\/v2\/tags?post=1730"}],"curies":[{"name":"wp","href":"https:\/\/api.w.org\/{rel}","templated":true}]}}