{"id":2298,"date":"2026-08-25T20:49:29","date_gmt":"2026-08-25T19:49:29","guid":{"rendered":"https:\/\/asv.teraz.de\/blog\/?p=2298"},"modified":"2026-08-25T20:53:44","modified_gmt":"2026-08-25T19:53:44","slug":"asv-spvgg-maschinenbauer-buben-40-20-24-8-2026-2015-kaltental-stadtliga","status":"publish","type":"post","link":"https:\/\/asv.teraz.de\/blog\/asv-spvgg-maschinenbauer-buben-40-20-24-8-2026-2015-kaltental-stadtliga\/","title":{"rendered":"ASV \u2013 SpVgg Maschinenbauer Buben 4:0 (2:0), 24.8.2026 20:15 Kaltental (Stadtliga)"},"content":{"rendered":"\n<blockquote class=\"wp-block-quote is-layout-flow wp-block-quote-is-layout-flow\">\n<p class=\"wp-block-paragraph\">Mit dem zweiten Stadtliga-Sieg nacheinander konnte der ASV die Gruppenphase, die mit 4 Niederlagen begonnen hatte, vers\u00f6hnlich beenden und den guten Eindruck aus dem Alternative Worldcup nahe Hannover erneut untermauern.<\/p>\n\n\n\n<p class=\"wp-block-paragraph\"><\/p>\n<\/blockquote>\n\n\n\n<p class=\"wp-block-paragraph\">Der Gast hatte allerdings die erste Chance des Spiels und h\u00e4tte nach 5 Minuten und einem Querpass durch den ASV-Sechzehner in F\u00fchrung gehen k\u00f6nnen, doch am langen Pfosten kam der St\u00fcrmer zu sp\u00e4t. Die n\u00e4chsten zwei Chancen hatte dann der ASV. Die erste Chance lie\u00df Matchwinner Maxi nach einem sch\u00f6nen Pass von Lasse auf die linke Seite noch liegen, doch eine Minute sp\u00e4ter war er aus zentraler Position im Strafraum mit einem angelupften Ball nach Pass von Hannes zur Stelle und brachte den ASV in F\u00fchrung.<\/p>\n\n\n\n<figure class=\"wp-block-gallery has-nested-images columns-default is-cropped wp-block-gallery-1 is-layout-flex wp-block-gallery-is-layout-flex\">\n<figure class=\"wp-block-image size-large\"><a href=\"https:\/\/asv.teraz.de\/blog\/wp-content\/uploads\/2026\/08\/2026-ASV-Maschinenbauer2.jpg\"><img loading=\"lazy\" decoding=\"async\" width=\"1000\" height=\"344\" data-id=\"2300\" src=\"https:\/\/asv.teraz.de\/blog\/wp-content\/uploads\/2026\/08\/2026-ASV-Maschinenbauer2.jpg\" alt=\"\" class=\"wp-image-2300\" srcset=\"https:\/\/asv.teraz.de\/blog\/wp-content\/uploads\/2026\/08\/2026-ASV-Maschinenbauer2.jpg 1000w, https:\/\/asv.teraz.de\/blog\/wp-content\/uploads\/2026\/08\/2026-ASV-Maschinenbauer2-300x103.jpg 300w, https:\/\/asv.teraz.de\/blog\/wp-content\/uploads\/2026\/08\/2026-ASV-Maschinenbauer2-768x264.jpg 768w\" sizes=\"auto, (max-width: 1000px) 100vw, 1000px\" \/><\/a><\/figure>\n\n\n\n<figure class=\"wp-block-image size-large\"><a href=\"https:\/\/asv.teraz.de\/blog\/wp-content\/uploads\/2026\/08\/2026-ASV-Maschinenbauer.jpg\"><img loading=\"lazy\" decoding=\"async\" width=\"800\" height=\"328\" data-id=\"2301\" src=\"https:\/\/asv.teraz.de\/blog\/wp-content\/uploads\/2026\/08\/2026-ASV-Maschinenbauer.jpg\" alt=\"\" class=\"wp-image-2301\" srcset=\"https:\/\/asv.teraz.de\/blog\/wp-content\/uploads\/2026\/08\/2026-ASV-Maschinenbauer.jpg 800w, https:\/\/asv.teraz.de\/blog\/wp-content\/uploads\/2026\/08\/2026-ASV-Maschinenbauer-300x123.jpg 300w, https:\/\/asv.teraz.de\/blog\/wp-content\/uploads\/2026\/08\/2026-ASV-Maschinenbauer-768x315.jpg 768w\" sizes=\"auto, (max-width: 800px) 100vw, 800px\" \/><\/a><\/figure>\n<\/figure>\n\n\n\n<p class=\"wp-block-paragraph\">Das brachte dem ASV aber zun\u00e4chst nicht die erhoffte Sicherheit. Der eine oder andere Abspielfehler oder auch Hacke-Spitze-1-2-3 vor dem eigenen 16er f\u00fchrten zu Gegenangriffen. Allerdings war die ASV-Defensive in ihrer Startformation mit Max im Tor sowie Hannes, Yannick, Steven und Tim in der Abwehr immer auf dem Posten.<\/p>\n\n\n\n<p class=\"wp-block-paragraph\">Nach 15 Minuten fing Hauke einen Abschlag nahe des gegnerischen Strafraums ab und zog direkt ab. Der Schuss verfehlte das Tor aber knapp. 5 Minuten sp\u00e4ter war Flummi-Time im ASV-5er. Die extrem gef\u00e4hrliche Situation konnte erst nach dreimaligem Aufspringen letztlich durch Torwart Max gekl\u00e4rt werden. 2 Minuten sp\u00e4ter war es erneut Maxi, der mit einem harten Schuss, den der Torwart fast h\u00e4tte durchrutschen lassen, f\u00fcr Gefahr sorgte. Aus dieser Situation kam der Ball \u00fcber kurze Umwege zu Arne auf der linken Strafraumseite, der mit einem Schlenzer ins rechte Toreck dem Torwart der Maschinenbauer keine Chance lie\u00df und auf 2:0 erh\u00f6hte.<\/p>\n\n\n\n<p class=\"wp-block-paragraph\">Noch gab sich der Gast allerdings nicht geschlagen und hatte 2 Minuten sp\u00e4ter den Anschlusstreffer auf dem Fu\u00df, als der St\u00fcrmer aus 8 Metern zentral vor dem Tor \u00fcber die Latte schoss. Auf der anderen Seite konnte ein Innenverteidiger mit langem Bein am 16er gegen Arne kl\u00e4ren.<\/p>\n\n\n\n<p class=\"wp-block-paragraph\">Anschlie\u00dfend verflachte das Spiel etwas. Bis 5 Minuten vor Schluss Maxi auf Ludwig passte, der kurz vor dem 16er aber den Ball &#8222;verga\u00df&#8220;. Mit dem Halbzeitpfiff hatten die Maschinenbauer erneut die Chance zum Anschlusstreffer, aber ein Kopfball strich knapp links am Tor vorbei.<\/p>\n\n\n\n<p class=\"wp-block-paragraph\">In Halbzeit 2 dauerte es etwas bis es eine nennenswerte Chance gab. Hannes verpasste in der 56. Minuten auf dem nassen Kunstrasen einen scharfen Ball am langen Pfosten. 8 Minuten sp\u00e4ter erzielte Maxi nach sch\u00f6nem Zuspiel und der insgesamt sch\u00f6nstem Kombination des Spiel den Treffer zur 3:0-Vorentscheidung.<\/p>\n\n\n\n<p class=\"wp-block-paragraph\">Der ASV wechselte in dieser Phase mehrfach, spielte aber die Partie seri\u00f6s runter. Nach einem Foul im gegnerischen 16er verwandelte Maxi den f\u00e4lligen Strafsto\u00df zum 4:0-Endstand.<\/p>\n\n\n\n<p class=\"wp-block-paragraph\">Insgesamt ein verdienter Sieg des ASV, der vielleicht etwas zu hoch ausfiel, da die Maschinenbauer auch ihrerseits gute Chancen hatten.<\/p>\n\n\n\n<p class=\"wp-block-paragraph\">F\u00fcr den ASV waren am Start:<\/p>\n\n\n\n<p class=\"wp-block-paragraph\">Max &#8211; Hannes, Yannick, Steven, Tim, Benny, Armin &#8211; Hauke, Lasse, Ludwig, Mo, Isi, Dominik, Ebi &#8211; Maxi<\/p>\n\n\n\n<p class=\"wp-block-paragraph\">Die Tore erzielten: <\/p>\n\n\n\n<p class=\"wp-block-paragraph\">1:0 Maxi (8., Hannes)<br>2:0 Arne (22.)<br>3:0 Maxi (64., Yannick)<br>4:0 Maxi (82., Foulelfmeter)<\/p>\n\n\n\n<p class=\"wp-block-paragraph\"><\/p>\n","protected":false},"excerpt":{"rendered":"<p>Mit dem zweiten Stadtliga-Sieg nacheinander konnte der ASV die Gruppenphase, die mit 4 Niederlagen begonnen hatte, vers\u00f6hnlich beenden und den guten Eindruck aus dem Alternative&hellip; <\/p>\n<p><a href=\"https:\/\/asv.teraz.de\/blog\/asv-spvgg-maschinenbauer-buben-40-20-24-8-2026-2015-kaltental-stadtliga\/\" class=\"more-link\">Continue reading &rarr; <span class=\"screen-reader-text\">ASV \u2013 SpVgg Maschinenbauer Buben 4:0 (2:0), 24.8.2026 20:15 Kaltental (Stadtliga)<\/span><\/a><\/p>\n","protected":false},"author":1,"featured_media":0,"comment_status":"closed","ping_status":"open","sticky":false,"template":"","format":"standard","meta":{"footnotes":""},"categories":[41,1,4,6],"tags":[],"class_list":["post-2298","post","type-post","status-publish","format-standard","hentry","category-41","category-allgemein","category-spiele","category-stadtliga"],"_links":{"self":[{"href":"https:\/\/asv.teraz.de\/blog\/wp-json\/wp\/v2\/posts\/2298","targetHints":{"allow":["GET"]}}],"collection":[{"href":"https:\/\/asv.teraz.de\/blog\/wp-json\/wp\/v2\/posts"}],"about":[{"href":"https:\/\/asv.teraz.de\/blog\/wp-json\/wp\/v2\/types\/post"}],"author":[{"embeddable":true,"href":"https:\/\/asv.teraz.de\/blog\/wp-json\/wp\/v2\/users\/1"}],"replies":[{"embeddable":true,"href":"https:\/\/asv.teraz.de\/blog\/wp-json\/wp\/v2\/comments?post=2298"}],"version-history":[{"count":4,"href":"https:\/\/asv.teraz.de\/blog\/wp-json\/wp\/v2\/posts\/2298\/revisions"}],"predecessor-version":[{"id":2304,"href":"https:\/\/asv.teraz.de\/blog\/wp-json\/wp\/v2\/posts\/2298\/revisions\/2304"}],"wp:attachment":[{"href":"https:\/\/asv.teraz.de\/blog\/wp-json\/wp\/v2\/media?parent=2298"}],"wp:term":[{"taxonomy":"category","embeddable":true,"href":"https:\/\/asv.teraz.de\/blog\/wp-json\/wp\/v2\/categories?post=2298"},{"taxonomy":"post_tag","embeddable":true,"href":"https:\/\/asv.teraz.de\/blog\/wp-json\/wp\/v2\/tags?post=2298"}],"curies":[{"name":"wp","href":"https:\/\/api.w.org\/{rel}","templated":true}]}}