{"id":484,"date":"2014-07-24T22:31:27","date_gmt":"2014-07-24T21:31:27","guid":{"rendered":"http:\/\/asv.teraz.de\/blog\/?p=484"},"modified":"2015-07-07T23:21:40","modified_gmt":"2015-07-07T22:21:40","slug":"int-turnier-in-duensbach-2014","status":"publish","type":"post","link":"https:\/\/asv.teraz.de\/blog\/int-turnier-in-duensbach-2014\/","title":{"rendered":"Alternative Worldcup in D\u00fcnsbach 2014"},"content":{"rendered":"<p>Am 8. August startet das Turnier in D\u00fcnsbach mit internationaler Besetzung ausgetragen von ICE Neckarstra\u00dfe feat. ASV.<br \/>\n<a href=\"http:\/\/asv.teraz.de\/blog\/?page_id=475\">Info-Seite<\/a><\/p>\n","protected":false},"excerpt":{"rendered":"<p>Am 8. August startet das Turnier in D\u00fcnsbach mit internationaler Besetzung ausgetragen von ICE Neckarstra\u00dfe feat. ASV. Info-Seite<\/p>\n","protected":false},"author":1,"featured_media":0,"comment_status":"closed","ping_status":"open","sticky":false,"template":"","format":"standard","meta":{"footnotes":""},"categories":[1],"tags":[],"class_list":["post-484","post","type-post","status-publish","format-standard","hentry","category-allgemein"],"_links":{"self":[{"href":"https:\/\/asv.teraz.de\/blog\/wp-json\/wp\/v2\/posts\/484","targetHints":{"allow":["GET"]}}],"collection":[{"href":"https:\/\/asv.teraz.de\/blog\/wp-json\/wp\/v2\/posts"}],"about":[{"href":"https:\/\/asv.teraz.de\/blog\/wp-json\/wp\/v2\/types\/post"}],"author":[{"embeddable":true,"href":"https:\/\/asv.teraz.de\/blog\/wp-json\/wp\/v2\/users\/1"}],"replies":[{"embeddable":true,"href":"https:\/\/asv.teraz.de\/blog\/wp-json\/wp\/v2\/comments?post=484"}],"version-history":[{"count":3,"href":"https:\/\/asv.teraz.de\/blog\/wp-json\/wp\/v2\/posts\/484\/revisions"}],"predecessor-version":[{"id":622,"href":"https:\/\/asv.teraz.de\/blog\/wp-json\/wp\/v2\/posts\/484\/revisions\/622"}],"wp:attachment":[{"href":"https:\/\/asv.teraz.de\/blog\/wp-json\/wp\/v2\/media?parent=484"}],"wp:term":[{"taxonomy":"category","embeddable":true,"href":"https:\/\/asv.teraz.de\/blog\/wp-json\/wp\/v2\/categories?post=484"},{"taxonomy":"post_tag","embeddable":true,"href":"https:\/\/asv.teraz.de\/blog\/wp-json\/wp\/v2\/tags?post=484"}],"curies":[{"name":"wp","href":"https:\/\/api.w.org\/{rel}","templated":true}]}}